{"id":3193,"date":"2024-02-12T09:10:51","date_gmt":"2024-02-12T08:10:51","guid":{"rendered":"https:\/\/culturasconstructivas.org\/esta-aberto-o-convite-a-apresentacao-de-candidaturas-para-o-premio-rafael-manzano-2024\/"},"modified":"2024-05-15T20:23:28","modified_gmt":"2024-05-15T18:23:28","slug":"esta-aberto-o-convite-a-apresentacao-de-candidaturas-para-o-premio-rafael-manzano-2024","status":"publish","type":"post","link":"https:\/\/culturasconstructivas.org\/pt-pt\/esta-aberto-o-convite-a-apresentacao-de-candidaturas-para-o-premio-rafael-manzano-2024\/","title":{"rendered":"Pr\u00e9mio Rafael Manzano 2024"},"content":{"rendered":"\t\t<div data-elementor-type=\"wp-post\" data-elementor-id=\"3193\" class=\"elementor elementor-3193 elementor-3168\" data-elementor-post-type=\"post\">\n\t\t\t\t<div class=\"elementor-element elementor-element-a9f562b e-flex e-con-boxed e-con e-parent\" data-id=\"a9f562b\" data-element_type=\"container\" data-e-type=\"container\">\n\t\t\t\t\t<div class=\"e-con-inner\">\n\t\t<div class=\"elementor-element elementor-element-14b8f88 e-flex e-con-boxed e-con e-child\" data-id=\"14b8f88\" data-element_type=\"container\" data-e-type=\"container\">\n\t\t\t\t\t<div class=\"e-con-inner\">\n\t\t\t\t<div class=\"elementor-element elementor-element-467c80f elementor-widget elementor-widget-text-editor\" data-id=\"467c80f\" data-element_type=\"widget\" data-e-type=\"widget\" data-widget_type=\"text-editor.default\">\n\t\t\t\t<div class=\"elementor-widget-container\">\n\t\t\t\t\t\t\t\t\t<p>O <strong>Pr\u00e9mio Rafael Manzano para a Nova Arquitetura Tradicional<\/strong> tem como objetivo divulgar o valor da arquitetura tradicional como refer\u00eancia para a arquitetura do nosso tempo. Desde 2012, este pr\u00e9mio reconhece as carreiras profissionais de destaque neste dom\u00ednio em Espanha e Portugal, que tenham contribu\u00eddo de forma especial para a continuidade da tradi\u00e7\u00e3o arquitet\u00f3nica, tanto na recupera\u00e7\u00e3o do patrim\u00f3nio arquitet\u00f3nico e urban\u00edstico como na constru\u00e7\u00e3o de novos edif\u00edcios que, com base nas tradi\u00e7\u00f5es locais, sejam capazes de se integrar harmoniosamente nestes espa\u00e7os. O Pr\u00e9mio Rafael Manzano \u00e9 dotado de <strong>50 000 euros e de uma medalha comemorativa<\/strong>.<\/p>\n<p>O Pr\u00e9mio Rafael Manzano de Nova Arquitetura Tradicional \u00e9 uma iniciativa organizada, gra\u00e7as a Richard H. Driehaus, pela Funda\u00e7\u00e3o Culturas Construtivas Tradicionais com a colabora\u00e7\u00e3o da INTBAU Espanha, INTBAU Portugal, Kalam, Funda\u00e7\u00e3o Serra Henriques, Real Academia de Bellas Artes de San Fernando e Ordem dos Arquitetos e conta com o Alto Patroc\u00ednio de Sua Excel\u00eancia o Presidente da Rep\u00fablica de Portugal.<\/p>\n\t\t\t\t\t\t\t\t<\/div>\n\t\t\t\t<\/div>\n\t\t\t\t\t<\/div>\n\t\t\t\t<\/div>\n\t\t\t\t\t<\/div>\n\t\t\t\t<\/div>\n\t\t<div class=\"elementor-element elementor-element-8ef98b9 e-flex e-con-boxed e-con e-parent\" data-id=\"8ef98b9\" data-element_type=\"container\" data-e-type=\"container\">\n\t\t\t\t\t<div class=\"e-con-inner\">\n\t\t<div class=\"elementor-element elementor-element-41fe2db e-con-full e-flex e-con e-child\" data-id=\"41fe2db\" data-element_type=\"container\" data-e-type=\"container\">\n\t\t\t\t<div class=\"elementor-element elementor-element-c5dbe7a elementor-widget elementor-widget-image\" data-id=\"c5dbe7a\" data-element_type=\"widget\" data-e-type=\"widget\" data-widget_type=\"image.default\">\n\t\t\t\t<div class=\"elementor-widget-container\">\n\t\t\t\t\t\t\t\t\t\t\t\t\t\t\t<img fetchpriority=\"high\" decoding=\"async\" width=\"724\" height=\"542\" src=\"https:\/\/culturasconstructivas.org\/wp-content\/uploads\/2023\/11\/PremioManzanoMedalla2023_4.jpg\" class=\"attachment-large size-large wp-image-2609\" alt=\"\" srcset=\"https:\/\/culturasconstructivas.org\/wp-content\/uploads\/2023\/11\/PremioManzanoMedalla2023_4.jpg 724w, https:\/\/culturasconstructivas.org\/wp-content\/uploads\/2023\/11\/PremioManzanoMedalla2023_4-300x225.jpg 300w\" sizes=\"(max-width: 724px) 100vw, 724px\" \/>\t\t\t\t\t\t\t\t\t\t\t\t\t\t\t<\/div>\n\t\t\t\t<\/div>\n\t\t\t\t<\/div>\n\t\t<div class=\"elementor-element elementor-element-d522923 e-con-full e-flex e-con e-child\" data-id=\"d522923\" data-element_type=\"container\" data-e-type=\"container\">\n\t\t\t\t<div class=\"elementor-element elementor-element-359f11e elementor-widget elementor-widget-image\" data-id=\"359f11e\" data-element_type=\"widget\" data-e-type=\"widget\" data-widget_type=\"image.default\">\n\t\t\t\t<div class=\"elementor-widget-container\">\n\t\t\t\t\t\t\t\t\t\t\t\t\t\t\t<img decoding=\"async\" width=\"724\" height=\"542\" src=\"https:\/\/culturasconstructivas.org\/wp-content\/uploads\/2024\/02\/ConvocatoriaManzano1.jpg\" class=\"attachment-large size-large wp-image-3176\" alt=\"\" srcset=\"https:\/\/culturasconstructivas.org\/wp-content\/uploads\/2024\/02\/ConvocatoriaManzano1.jpg 724w, https:\/\/culturasconstructivas.org\/wp-content\/uploads\/2024\/02\/ConvocatoriaManzano1-300x225.jpg 300w\" sizes=\"(max-width: 724px) 100vw, 724px\" \/>\t\t\t\t\t\t\t\t\t\t\t\t\t\t\t<\/div>\n\t\t\t\t<\/div>\n\t\t\t\t<\/div>\n\t\t\t\t\t<\/div>\n\t\t\t\t<\/div>\n\t\t<div class=\"elementor-element elementor-element-96e2782 e-flex e-con-boxed e-con e-parent\" data-id=\"96e2782\" data-element_type=\"container\" data-e-type=\"container\">\n\t\t\t\t\t<div class=\"e-con-inner\">\n\t\t\t\t<div class=\"elementor-element elementor-element-d78aaba elementor-widget elementor-widget-text-editor\" data-id=\"d78aaba\" data-element_type=\"widget\" data-e-type=\"widget\" data-widget_type=\"text-editor.default\">\n\t\t\t\t<div class=\"elementor-widget-container\">\n\t\t\t\t\t\t\t\t\t<p>Os candidatos devem apresentar a seguinte documenta\u00e7\u00e3o at\u00e9 <strong>25 de abril de 2024<\/strong>:<\/p>\n<p>\u2022 CV profissional com um m\u00e1ximo de 250 palavras em ingl\u00eas e espanhol ou portugu\u00eas.<\/p>\n<p>\u2022 Texto de uma p\u00e1gina, em ingl\u00eas e em espanhol ou portugu\u00eas, resumindo as raz\u00f5es pelas quais o trabalho do candidato deve ser considerado para o pr\u00e9mio.<\/p>\n<p>\u2022 At\u00e9 dez imagens, em formato digital (jpg ou tiff, 300 dpi), de cada um dos projectos apresentados, com um limite de cinco projectos por candidato. Essas imagens devem incluir fotografias, planos e desenhos dos projectos apresentados. Cada participa\u00e7\u00e3o pode ser acompanhada de uma breve descri\u00e7\u00e3o de, no m\u00e1ximo, 250 palavras em ingl\u00eas e em espanhol ou portugu\u00eas.<\/p>\n\t\t\t\t\t\t\t\t<\/div>\n\t\t\t\t<\/div>\n\t\t\t\t\t<\/div>\n\t\t\t\t<\/div>\n\t\t<div class=\"elementor-element elementor-element-6fadb9d e-flex e-con-boxed e-con e-parent\" data-id=\"6fadb9d\" data-element_type=\"container\" data-e-type=\"container\">\n\t\t\t\t\t<div class=\"e-con-inner\">\n\t\t\t\t<div class=\"elementor-element elementor-element-c53011b elementor-align-center elementor-widget elementor-widget-button\" data-id=\"c53011b\" data-element_type=\"widget\" data-e-type=\"widget\" data-widget_type=\"button.default\">\n\t\t\t\t<div class=\"elementor-widget-container\">\n\t\t\t\t\t\t\t\t\t<div class=\"elementor-button-wrapper\">\n\t\t\t\t\t<a class=\"elementor-button elementor-button-link elementor-size-sm\" href=\"https:\/\/premiorafaelmanzano.com\/bases-de-la-convocatoria-2024\/\">\n\t\t\t\t\t\t<span class=\"elementor-button-content-wrapper\">\n\t\t\t\t\t\t\t\t\t<span class=\"elementor-button-text\">Mais informa\u00e7\u00f5es sobre o convite \u00e0 apresenta\u00e7\u00e3o de propostas<\/span>\n\t\t\t\t\t<\/span>\n\t\t\t\t\t<\/a>\n\t\t\t\t<\/div>\n\t\t\t\t\t\t\t\t<\/div>\n\t\t\t\t<\/div>\n\t\t\t\t\t<\/div>\n\t\t\t\t<\/div>\n\t\t\t\t<\/div>\n\t\t","protected":false},"excerpt":{"rendered":"<p>O Pr\u00e9mio Rafael Manzano para a Nova Arquitetura Tradicional tem como objetivo divulgar o valor da arquitetura tradicional como refer\u00eancia para a arquitetura do nosso tempo. Desde 2012, este pr\u00e9mio reconhece as carreiras profissionais de destaque neste dom\u00ednio em Espanha e Portugal, que tenham contribu\u00eddo de forma especial para a continuidade da tradi\u00e7\u00e3o arquitet\u00f3nica, tanto [&hellip;]<\/p>\n","protected":false},"author":5,"featured_media":3172,"comment_status":"closed","ping_status":"closed","sticky":false,"template":"","format":"standard","meta":{"_acf_changed":false,"_piecal_is_event":false,"_piecal_start_date":"","_piecal_end_date":"","_piecal_is_allday":false,"footnotes":""},"categories":[33],"tags":[],"class_list":["post-3193","post","type-post","status-publish","format-standard","has-post-thumbnail","hentry","category-premio-rafael-manzano-pt-pt"],"acf":[],"yoast_head":"<!-- This site is optimized with the Yoast SEO plugin v27.5 - https:\/\/yoast.com\/product\/yoast-seo-wordpress\/ -->\n<title>Pr\u00e9mio Rafael Manzano 2024 - Fundaci\u00f3n Culturas Constructivas Tradicionales<\/title>\n<meta name=\"robots\" content=\"index, follow, max-snippet:-1, max-image-preview:large, max-video-preview:-1\" \/>\n<link rel=\"canonical\" href=\"https:\/\/culturasconstructivas.org\/pt-pt\/esta-aberto-o-convite-a-apresentacao-de-candidaturas-para-o-premio-rafael-manzano-2024\/\" \/>\n<meta property=\"og:locale\" content=\"pt_PT\" \/>\n<meta property=\"og:type\" content=\"article\" \/>\n<meta property=\"og:title\" content=\"Pr\u00e9mio Rafael Manzano 2024 - Fundaci\u00f3n Culturas Constructivas Tradicionales\" \/>\n<meta property=\"og:description\" content=\"O Pr\u00e9mio Rafael Manzano para a Nova Arquitetura Tradicional tem como objetivo divulgar o valor da arquitetura tradicional como refer\u00eancia para a arquitetura do nosso tempo. Desde 2012, este pr\u00e9mio reconhece as carreiras profissionais de destaque neste dom\u00ednio em Espanha e Portugal, que tenham contribu\u00eddo de forma especial para a continuidade da tradi\u00e7\u00e3o arquitet\u00f3nica, tanto [&hellip;]\" \/>\n<meta property=\"og:url\" content=\"https:\/\/culturasconstructivas.org\/pt-pt\/esta-aberto-o-convite-a-apresentacao-de-candidaturas-para-o-premio-rafael-manzano-2024\/\" \/>\n<meta property=\"og:site_name\" content=\"Fundaci\u00f3n Culturas Constructivas Tradicionales\" \/>\n<meta property=\"article:published_time\" content=\"2024-02-12T08:10:51+00:00\" \/>\n<meta property=\"article:modified_time\" content=\"2024-05-15T18:23:28+00:00\" \/>\n<meta property=\"og:image\" content=\"https:\/\/culturasconstructivas.org\/wp-content\/uploads\/2024\/02\/PremioManzano2.jpg\" \/>\n\t<meta property=\"og:image:width\" content=\"1886\" \/>\n\t<meta property=\"og:image:height\" content=\"1090\" \/>\n\t<meta property=\"og:image:type\" content=\"image\/jpeg\" \/>\n<meta name=\"author\" content=\"Guillermo Gil\" \/>\n<meta name=\"twitter:card\" content=\"summary_large_image\" \/>\n<meta name=\"twitter:label1\" content=\"Escrito por\" \/>\n\t<meta name=\"twitter:data1\" content=\"Guillermo Gil\" \/>\n\t<meta name=\"twitter:label2\" content=\"Tempo estimado de leitura\" \/>\n\t<meta name=\"twitter:data2\" content=\"2 minutos\" \/>\n<script type=\"application\/ld+json\" class=\"yoast-schema-graph\">{\"@context\":\"https:\\\/\\\/schema.org\",\"@graph\":[{\"@type\":\"Article\",\"@id\":\"https:\\\/\\\/culturasconstructivas.org\\\/pt-pt\\\/esta-aberto-o-convite-a-apresentacao-de-candidaturas-para-o-premio-rafael-manzano-2024\\\/#article\",\"isPartOf\":{\"@id\":\"https:\\\/\\\/culturasconstructivas.org\\\/pt-pt\\\/esta-aberto-o-convite-a-apresentacao-de-candidaturas-para-o-premio-rafael-manzano-2024\\\/\"},\"author\":{\"name\":\"Guillermo Gil\",\"@id\":\"https:\\\/\\\/culturasconstructivas.org\\\/pt-pt\\\/#\\\/schema\\\/person\\\/2cff5e4776f5f0b01b837faf3fdc4664\"},\"headline\":\"Pr\u00e9mio Rafael Manzano 2024\",\"datePublished\":\"2024-02-12T08:10:51+00:00\",\"dateModified\":\"2024-05-15T18:23:28+00:00\",\"mainEntityOfPage\":{\"@id\":\"https:\\\/\\\/culturasconstructivas.org\\\/pt-pt\\\/esta-aberto-o-convite-a-apresentacao-de-candidaturas-para-o-premio-rafael-manzano-2024\\\/\"},\"wordCount\":310,\"publisher\":{\"@id\":\"https:\\\/\\\/culturasconstructivas.org\\\/pt-pt\\\/#organization\"},\"image\":{\"@id\":\"https:\\\/\\\/culturasconstructivas.org\\\/pt-pt\\\/esta-aberto-o-convite-a-apresentacao-de-candidaturas-para-o-premio-rafael-manzano-2024\\\/#primaryimage\"},\"thumbnailUrl\":\"https:\\\/\\\/culturasconstructivas.org\\\/wp-content\\\/uploads\\\/2024\\\/02\\\/PremioManzano2.jpg\",\"articleSection\":[\"Pr\u00e9mio Rafael Manzano\"],\"inLanguage\":\"pt-PT\"},{\"@type\":\"WebPage\",\"@id\":\"https:\\\/\\\/culturasconstructivas.org\\\/pt-pt\\\/esta-aberto-o-convite-a-apresentacao-de-candidaturas-para-o-premio-rafael-manzano-2024\\\/\",\"url\":\"https:\\\/\\\/culturasconstructivas.org\\\/pt-pt\\\/esta-aberto-o-convite-a-apresentacao-de-candidaturas-para-o-premio-rafael-manzano-2024\\\/\",\"name\":\"Pr\u00e9mio Rafael Manzano 2024 - Fundaci\u00f3n Culturas Constructivas Tradicionales\",\"isPartOf\":{\"@id\":\"https:\\\/\\\/culturasconstructivas.org\\\/pt-pt\\\/#website\"},\"primaryImageOfPage\":{\"@id\":\"https:\\\/\\\/culturasconstructivas.org\\\/pt-pt\\\/esta-aberto-o-convite-a-apresentacao-de-candidaturas-para-o-premio-rafael-manzano-2024\\\/#primaryimage\"},\"image\":{\"@id\":\"https:\\\/\\\/culturasconstructivas.org\\\/pt-pt\\\/esta-aberto-o-convite-a-apresentacao-de-candidaturas-para-o-premio-rafael-manzano-2024\\\/#primaryimage\"},\"thumbnailUrl\":\"https:\\\/\\\/culturasconstructivas.org\\\/wp-content\\\/uploads\\\/2024\\\/02\\\/PremioManzano2.jpg\",\"datePublished\":\"2024-02-12T08:10:51+00:00\",\"dateModified\":\"2024-05-15T18:23:28+00:00\",\"breadcrumb\":{\"@id\":\"https:\\\/\\\/culturasconstructivas.org\\\/pt-pt\\\/esta-aberto-o-convite-a-apresentacao-de-candidaturas-para-o-premio-rafael-manzano-2024\\\/#breadcrumb\"},\"inLanguage\":\"pt-PT\",\"potentialAction\":[{\"@type\":\"ReadAction\",\"target\":[\"https:\\\/\\\/culturasconstructivas.org\\\/pt-pt\\\/esta-aberto-o-convite-a-apresentacao-de-candidaturas-para-o-premio-rafael-manzano-2024\\\/\"]}]},{\"@type\":\"ImageObject\",\"inLanguage\":\"pt-PT\",\"@id\":\"https:\\\/\\\/culturasconstructivas.org\\\/pt-pt\\\/esta-aberto-o-convite-a-apresentacao-de-candidaturas-para-o-premio-rafael-manzano-2024\\\/#primaryimage\",\"url\":\"https:\\\/\\\/culturasconstructivas.org\\\/wp-content\\\/uploads\\\/2024\\\/02\\\/PremioManzano2.jpg\",\"contentUrl\":\"https:\\\/\\\/culturasconstructivas.org\\\/wp-content\\\/uploads\\\/2024\\\/02\\\/PremioManzano2.jpg\",\"width\":1886,\"height\":1090},{\"@type\":\"BreadcrumbList\",\"@id\":\"https:\\\/\\\/culturasconstructivas.org\\\/pt-pt\\\/esta-aberto-o-convite-a-apresentacao-de-candidaturas-para-o-premio-rafael-manzano-2024\\\/#breadcrumb\",\"itemListElement\":[{\"@type\":\"ListItem\",\"position\":1,\"name\":\"Portada\",\"item\":\"https:\\\/\\\/culturasconstructivas.org\\\/pt-pt\\\/fundacao-culturas-construtivas-tradicionais\\\/\"},{\"@type\":\"ListItem\",\"position\":2,\"name\":\"Pr\u00e9mio Rafael Manzano 2024\"}]},{\"@type\":\"WebSite\",\"@id\":\"https:\\\/\\\/culturasconstructivas.org\\\/pt-pt\\\/#website\",\"url\":\"https:\\\/\\\/culturasconstructivas.org\\\/pt-pt\\\/\",\"name\":\"Fundaci\u00f3n Culturas Constructivas Tradicionales\",\"description\":\"\",\"publisher\":{\"@id\":\"https:\\\/\\\/culturasconstructivas.org\\\/pt-pt\\\/#organization\"},\"potentialAction\":[{\"@type\":\"SearchAction\",\"target\":{\"@type\":\"EntryPoint\",\"urlTemplate\":\"https:\\\/\\\/culturasconstructivas.org\\\/pt-pt\\\/?s={search_term_string}\"},\"query-input\":{\"@type\":\"PropertyValueSpecification\",\"valueRequired\":true,\"valueName\":\"search_term_string\"}}],\"inLanguage\":\"pt-PT\"},{\"@type\":\"Organization\",\"@id\":\"https:\\\/\\\/culturasconstructivas.org\\\/pt-pt\\\/#organization\",\"name\":\"Fundaci\u00f3n Culturas Constructivas Tradicionales\",\"url\":\"https:\\\/\\\/culturasconstructivas.org\\\/pt-pt\\\/\",\"logo\":{\"@type\":\"ImageObject\",\"inLanguage\":\"pt-PT\",\"@id\":\"https:\\\/\\\/culturasconstructivas.org\\\/pt-pt\\\/#\\\/schema\\\/logo\\\/image\\\/\",\"url\":\"https:\\\/\\\/culturasconstructivas.org\\\/wp-content\\\/uploads\\\/2023\\\/10\\\/FUNDACAO-CULTURAS-CONSTRUTIVAS-Logo.png\",\"contentUrl\":\"https:\\\/\\\/culturasconstructivas.org\\\/wp-content\\\/uploads\\\/2023\\\/10\\\/FUNDACAO-CULTURAS-CONSTRUTIVAS-Logo.png\",\"width\":537,\"height\":290,\"caption\":\"Fundaci\u00f3n Culturas Constructivas Tradicionales\"},\"image\":{\"@id\":\"https:\\\/\\\/culturasconstructivas.org\\\/pt-pt\\\/#\\\/schema\\\/logo\\\/image\\\/\"}},{\"@type\":\"Person\",\"@id\":\"https:\\\/\\\/culturasconstructivas.org\\\/pt-pt\\\/#\\\/schema\\\/person\\\/2cff5e4776f5f0b01b837faf3fdc4664\",\"name\":\"Guillermo Gil\",\"image\":{\"@type\":\"ImageObject\",\"inLanguage\":\"pt-PT\",\"@id\":\"https:\\\/\\\/secure.gravatar.com\\\/avatar\\\/f6648e10de371ca3bbb6c2dfc0bd2f680bc092a6a74dfe978fb2fcc2bd9b3c27?s=96&d=mm&r=g\",\"url\":\"https:\\\/\\\/secure.gravatar.com\\\/avatar\\\/f6648e10de371ca3bbb6c2dfc0bd2f680bc092a6a74dfe978fb2fcc2bd9b3c27?s=96&d=mm&r=g\",\"contentUrl\":\"https:\\\/\\\/secure.gravatar.com\\\/avatar\\\/f6648e10de371ca3bbb6c2dfc0bd2f680bc092a6a74dfe978fb2fcc2bd9b3c27?s=96&d=mm&r=g\",\"caption\":\"Guillermo Gil\"},\"url\":\"https:\\\/\\\/culturasconstructivas.org\\\/pt-pt\\\/author\\\/guillermo-gil\\\/\"}]}<\/script>\n<!-- \/ Yoast SEO plugin. -->","yoast_head_json":{"title":"Pr\u00e9mio Rafael Manzano 2024 - Fundaci\u00f3n Culturas Constructivas Tradicionales","robots":{"index":"index","follow":"follow","max-snippet":"max-snippet:-1","max-image-preview":"max-image-preview:large","max-video-preview":"max-video-preview:-1"},"canonical":"https:\/\/culturasconstructivas.org\/pt-pt\/esta-aberto-o-convite-a-apresentacao-de-candidaturas-para-o-premio-rafael-manzano-2024\/","og_locale":"pt_PT","og_type":"article","og_title":"Pr\u00e9mio Rafael Manzano 2024 - Fundaci\u00f3n Culturas Constructivas Tradicionales","og_description":"O Pr\u00e9mio Rafael Manzano para a Nova Arquitetura Tradicional tem como objetivo divulgar o valor da arquitetura tradicional como refer\u00eancia para a arquitetura do nosso tempo. Desde 2012, este pr\u00e9mio reconhece as carreiras profissionais de destaque neste dom\u00ednio em Espanha e Portugal, que tenham contribu\u00eddo de forma especial para a continuidade da tradi\u00e7\u00e3o arquitet\u00f3nica, tanto [&hellip;]","og_url":"https:\/\/culturasconstructivas.org\/pt-pt\/esta-aberto-o-convite-a-apresentacao-de-candidaturas-para-o-premio-rafael-manzano-2024\/","og_site_name":"Fundaci\u00f3n Culturas Constructivas Tradicionales","article_published_time":"2024-02-12T08:10:51+00:00","article_modified_time":"2024-05-15T18:23:28+00:00","og_image":[{"width":1886,"height":1090,"url":"https:\/\/culturasconstructivas.org\/wp-content\/uploads\/2024\/02\/PremioManzano2.jpg","type":"image\/jpeg"}],"author":"Guillermo Gil","twitter_card":"summary_large_image","twitter_misc":{"Escrito por":"Guillermo Gil","Tempo estimado de leitura":"2 minutos"},"schema":{"@context":"https:\/\/schema.org","@graph":[{"@type":"Article","@id":"https:\/\/culturasconstructivas.org\/pt-pt\/esta-aberto-o-convite-a-apresentacao-de-candidaturas-para-o-premio-rafael-manzano-2024\/#article","isPartOf":{"@id":"https:\/\/culturasconstructivas.org\/pt-pt\/esta-aberto-o-convite-a-apresentacao-de-candidaturas-para-o-premio-rafael-manzano-2024\/"},"author":{"name":"Guillermo Gil","@id":"https:\/\/culturasconstructivas.org\/pt-pt\/#\/schema\/person\/2cff5e4776f5f0b01b837faf3fdc4664"},"headline":"Pr\u00e9mio Rafael Manzano 2024","datePublished":"2024-02-12T08:10:51+00:00","dateModified":"2024-05-15T18:23:28+00:00","mainEntityOfPage":{"@id":"https:\/\/culturasconstructivas.org\/pt-pt\/esta-aberto-o-convite-a-apresentacao-de-candidaturas-para-o-premio-rafael-manzano-2024\/"},"wordCount":310,"publisher":{"@id":"https:\/\/culturasconstructivas.org\/pt-pt\/#organization"},"image":{"@id":"https:\/\/culturasconstructivas.org\/pt-pt\/esta-aberto-o-convite-a-apresentacao-de-candidaturas-para-o-premio-rafael-manzano-2024\/#primaryimage"},"thumbnailUrl":"https:\/\/culturasconstructivas.org\/wp-content\/uploads\/2024\/02\/PremioManzano2.jpg","articleSection":["Pr\u00e9mio Rafael Manzano"],"inLanguage":"pt-PT"},{"@type":"WebPage","@id":"https:\/\/culturasconstructivas.org\/pt-pt\/esta-aberto-o-convite-a-apresentacao-de-candidaturas-para-o-premio-rafael-manzano-2024\/","url":"https:\/\/culturasconstructivas.org\/pt-pt\/esta-aberto-o-convite-a-apresentacao-de-candidaturas-para-o-premio-rafael-manzano-2024\/","name":"Pr\u00e9mio Rafael Manzano 2024 - Fundaci\u00f3n Culturas Constructivas Tradicionales","isPartOf":{"@id":"https:\/\/culturasconstructivas.org\/pt-pt\/#website"},"primaryImageOfPage":{"@id":"https:\/\/culturasconstructivas.org\/pt-pt\/esta-aberto-o-convite-a-apresentacao-de-candidaturas-para-o-premio-rafael-manzano-2024\/#primaryimage"},"image":{"@id":"https:\/\/culturasconstructivas.org\/pt-pt\/esta-aberto-o-convite-a-apresentacao-de-candidaturas-para-o-premio-rafael-manzano-2024\/#primaryimage"},"thumbnailUrl":"https:\/\/culturasconstructivas.org\/wp-content\/uploads\/2024\/02\/PremioManzano2.jpg","datePublished":"2024-02-12T08:10:51+00:00","dateModified":"2024-05-15T18:23:28+00:00","breadcrumb":{"@id":"https:\/\/culturasconstructivas.org\/pt-pt\/esta-aberto-o-convite-a-apresentacao-de-candidaturas-para-o-premio-rafael-manzano-2024\/#breadcrumb"},"inLanguage":"pt-PT","potentialAction":[{"@type":"ReadAction","target":["https:\/\/culturasconstructivas.org\/pt-pt\/esta-aberto-o-convite-a-apresentacao-de-candidaturas-para-o-premio-rafael-manzano-2024\/"]}]},{"@type":"ImageObject","inLanguage":"pt-PT","@id":"https:\/\/culturasconstructivas.org\/pt-pt\/esta-aberto-o-convite-a-apresentacao-de-candidaturas-para-o-premio-rafael-manzano-2024\/#primaryimage","url":"https:\/\/culturasconstructivas.org\/wp-content\/uploads\/2024\/02\/PremioManzano2.jpg","contentUrl":"https:\/\/culturasconstructivas.org\/wp-content\/uploads\/2024\/02\/PremioManzano2.jpg","width":1886,"height":1090},{"@type":"BreadcrumbList","@id":"https:\/\/culturasconstructivas.org\/pt-pt\/esta-aberto-o-convite-a-apresentacao-de-candidaturas-para-o-premio-rafael-manzano-2024\/#breadcrumb","itemListElement":[{"@type":"ListItem","position":1,"name":"Portada","item":"https:\/\/culturasconstructivas.org\/pt-pt\/fundacao-culturas-construtivas-tradicionais\/"},{"@type":"ListItem","position":2,"name":"Pr\u00e9mio Rafael Manzano 2024"}]},{"@type":"WebSite","@id":"https:\/\/culturasconstructivas.org\/pt-pt\/#website","url":"https:\/\/culturasconstructivas.org\/pt-pt\/","name":"Fundaci\u00f3n Culturas Constructivas Tradicionales","description":"","publisher":{"@id":"https:\/\/culturasconstructivas.org\/pt-pt\/#organization"},"potentialAction":[{"@type":"SearchAction","target":{"@type":"EntryPoint","urlTemplate":"https:\/\/culturasconstructivas.org\/pt-pt\/?s={search_term_string}"},"query-input":{"@type":"PropertyValueSpecification","valueRequired":true,"valueName":"search_term_string"}}],"inLanguage":"pt-PT"},{"@type":"Organization","@id":"https:\/\/culturasconstructivas.org\/pt-pt\/#organization","name":"Fundaci\u00f3n Culturas Constructivas Tradicionales","url":"https:\/\/culturasconstructivas.org\/pt-pt\/","logo":{"@type":"ImageObject","inLanguage":"pt-PT","@id":"https:\/\/culturasconstructivas.org\/pt-pt\/#\/schema\/logo\/image\/","url":"https:\/\/culturasconstructivas.org\/wp-content\/uploads\/2023\/10\/FUNDACAO-CULTURAS-CONSTRUTIVAS-Logo.png","contentUrl":"https:\/\/culturasconstructivas.org\/wp-content\/uploads\/2023\/10\/FUNDACAO-CULTURAS-CONSTRUTIVAS-Logo.png","width":537,"height":290,"caption":"Fundaci\u00f3n Culturas Constructivas Tradicionales"},"image":{"@id":"https:\/\/culturasconstructivas.org\/pt-pt\/#\/schema\/logo\/image\/"}},{"@type":"Person","@id":"https:\/\/culturasconstructivas.org\/pt-pt\/#\/schema\/person\/2cff5e4776f5f0b01b837faf3fdc4664","name":"Guillermo Gil","image":{"@type":"ImageObject","inLanguage":"pt-PT","@id":"https:\/\/secure.gravatar.com\/avatar\/f6648e10de371ca3bbb6c2dfc0bd2f680bc092a6a74dfe978fb2fcc2bd9b3c27?s=96&d=mm&r=g","url":"https:\/\/secure.gravatar.com\/avatar\/f6648e10de371ca3bbb6c2dfc0bd2f680bc092a6a74dfe978fb2fcc2bd9b3c27?s=96&d=mm&r=g","contentUrl":"https:\/\/secure.gravatar.com\/avatar\/f6648e10de371ca3bbb6c2dfc0bd2f680bc092a6a74dfe978fb2fcc2bd9b3c27?s=96&d=mm&r=g","caption":"Guillermo Gil"},"url":"https:\/\/culturasconstructivas.org\/pt-pt\/author\/guillermo-gil\/"}]}},"_links":{"self":[{"href":"https:\/\/culturasconstructivas.org\/pt-pt\/wp-json\/wp\/v2\/posts\/3193","targetHints":{"allow":["GET"]}}],"collection":[{"href":"https:\/\/culturasconstructivas.org\/pt-pt\/wp-json\/wp\/v2\/posts"}],"about":[{"href":"https:\/\/culturasconstructivas.org\/pt-pt\/wp-json\/wp\/v2\/types\/post"}],"author":[{"embeddable":true,"href":"https:\/\/culturasconstructivas.org\/pt-pt\/wp-json\/wp\/v2\/users\/5"}],"replies":[{"embeddable":true,"href":"https:\/\/culturasconstructivas.org\/pt-pt\/wp-json\/wp\/v2\/comments?post=3193"}],"version-history":[{"count":2,"href":"https:\/\/culturasconstructivas.org\/pt-pt\/wp-json\/wp\/v2\/posts\/3193\/revisions"}],"predecessor-version":[{"id":7692,"href":"https:\/\/culturasconstructivas.org\/pt-pt\/wp-json\/wp\/v2\/posts\/3193\/revisions\/7692"}],"wp:featuredmedia":[{"embeddable":true,"href":"https:\/\/culturasconstructivas.org\/pt-pt\/wp-json\/wp\/v2\/media\/3172"}],"wp:attachment":[{"href":"https:\/\/culturasconstructivas.org\/pt-pt\/wp-json\/wp\/v2\/media?parent=3193"}],"wp:term":[{"taxonomy":"category","embeddable":true,"href":"https:\/\/culturasconstructivas.org\/pt-pt\/wp-json\/wp\/v2\/categories?post=3193"},{"taxonomy":"post_tag","embeddable":true,"href":"https:\/\/culturasconstructivas.org\/pt-pt\/wp-json\/wp\/v2\/tags?post=3193"}],"curies":[{"name":"wp","href":"https:\/\/api.w.org\/{rel}","templated":true}]}}