{"id":3191,"date":"2024-01-31T17:48:59","date_gmt":"2024-01-31T16:48:59","guid":{"rendered":"https:\/\/culturasconstructivas.org\/resolucao-da-bolsa-de-formacao-com-o-mestre-estucador-e-pintor-luis-prieto\/"},"modified":"2024-12-11T16:00:02","modified_gmt":"2024-12-11T15:00:02","slug":"resolucao-da-bolsa-de-formacao-com-o-mestre-estucador-e-pintor-luis-prieto","status":"publish","type":"post","link":"https:\/\/culturasconstructivas.org\/pt-pt\/resolucao-da-bolsa-de-formacao-com-o-mestre-estucador-e-pintor-luis-prieto\/","title":{"rendered":"Resolu\u00e7\u00e3o da bolsa de forma\u00e7\u00e3o com o mestre estucador e pintor Luis Prieto"},"content":{"rendered":"\t\t<div data-elementor-type=\"wp-post\" data-elementor-id=\"3191\" class=\"elementor elementor-3191 elementor-3050\" data-elementor-post-type=\"post\">\n\t\t\t\t<div class=\"elementor-element elementor-element-a0a2f57 e-flex e-con-boxed e-con e-parent\" data-id=\"a0a2f57\" data-element_type=\"container\" data-e-type=\"container\">\n\t\t\t\t\t<div class=\"e-con-inner\">\n\t\t\t\t<div class=\"elementor-element elementor-element-9314c8f elementor-widget elementor-widget-text-editor\" data-id=\"9314c8f\" data-element_type=\"widget\" data-e-type=\"widget\" data-widget_type=\"text-editor.default\">\n\t\t\t\t<div class=\"elementor-widget-container\">\n\t\t\t\t\t\t\t\t\t<p><strong>Silvia \u00c1lvarez L\u00f3pez-D\u00f3riga<\/strong> foi selecionada para estagiar durante oito meses com o mestre estucador e pintor Luis Prieto.<\/p>\n<p>A Silvia tem 18 anos de experi\u00eancia no dom\u00ednio do patrim\u00f3nio. Formou-se e trabalhou em institui\u00e7\u00f5es como o Instituto de Patrim\u00f3nio Cultural Nacional (IPCE), o Museo Nacional del Prado e o Museo Nacional Centro de Arte Reina Sof\u00eda. Desde o in\u00edcio da sua atividade profissional, trabalhou como restauradora e, nos \u00faltimos anos, especializou-se, atrav\u00e9s de v\u00e1rios cursos, no estudo da cal, do gesso, dos pigmentos e das diferentes t\u00e9cnicas de revestimento, como o estuque de m\u00e1rmore.<\/p>\n\t\t\t\t\t\t\t\t<\/div>\n\t\t\t\t<\/div>\n\t\t\t\t\t<\/div>\n\t\t\t\t<\/div>\n\t\t<div class=\"elementor-element elementor-element-a01eb40 e-flex e-con-boxed e-con e-parent\" data-id=\"a01eb40\" data-element_type=\"container\" data-e-type=\"container\">\n\t\t\t\t\t<div class=\"e-con-inner\">\n\t\t<div class=\"elementor-element elementor-element-c903edd e-con-full e-flex e-con e-child\" data-id=\"c903edd\" data-element_type=\"container\" data-e-type=\"container\">\n\t\t\t\t<div class=\"elementor-element elementor-element-cd00775 elementor-widget elementor-widget-image\" data-id=\"cd00775\" data-element_type=\"widget\" data-e-type=\"widget\" data-widget_type=\"image.default\">\n\t\t\t\t<div class=\"elementor-widget-container\">\n\t\t\t\t\t\t\t\t\t\t\t\t\t\t\t<img fetchpriority=\"high\" decoding=\"async\" width=\"724\" height=\"542\" src=\"https:\/\/culturasconstructivas.org\/wp-content\/uploads\/2024\/01\/SilviaBeca2.jpg\" class=\"attachment-large size-large wp-image-3057\" alt=\"\" srcset=\"https:\/\/culturasconstructivas.org\/wp-content\/uploads\/2024\/01\/SilviaBeca2.jpg 724w, https:\/\/culturasconstructivas.org\/wp-content\/uploads\/2024\/01\/SilviaBeca2-300x225.jpg 300w\" sizes=\"(max-width: 724px) 100vw, 724px\" \/>\t\t\t\t\t\t\t\t\t\t\t\t\t\t\t<\/div>\n\t\t\t\t<\/div>\n\t\t\t\t<\/div>\n\t\t<div class=\"elementor-element elementor-element-31cea0b e-con-full e-flex e-con e-child\" data-id=\"31cea0b\" data-element_type=\"container\" data-e-type=\"container\">\n\t\t\t\t<div class=\"elementor-element elementor-element-10e7f60 elementor-widget elementor-widget-image\" data-id=\"10e7f60\" data-element_type=\"widget\" data-e-type=\"widget\" data-widget_type=\"image.default\">\n\t\t\t\t<div class=\"elementor-widget-container\">\n\t\t\t\t\t\t\t\t\t\t\t\t\t\t\t<img decoding=\"async\" width=\"724\" height=\"542\" src=\"https:\/\/culturasconstructivas.org\/wp-content\/uploads\/2024\/01\/SilviaBeca1.jpg\" class=\"attachment-large size-large wp-image-3054\" alt=\"\" srcset=\"https:\/\/culturasconstructivas.org\/wp-content\/uploads\/2024\/01\/SilviaBeca1.jpg 724w, https:\/\/culturasconstructivas.org\/wp-content\/uploads\/2024\/01\/SilviaBeca1-300x225.jpg 300w\" sizes=\"(max-width: 724px) 100vw, 724px\" \/>\t\t\t\t\t\t\t\t\t\t\t\t\t\t\t<\/div>\n\t\t\t\t<\/div>\n\t\t\t\t<\/div>\n\t\t\t\t\t<\/div>\n\t\t\t\t<\/div>\n\t\t<div class=\"elementor-element elementor-element-e7201fa e-flex e-con-boxed e-con e-parent\" data-id=\"e7201fa\" data-element_type=\"container\" data-e-type=\"container\">\n\t\t\t\t\t<div class=\"e-con-inner\">\n\t\t\t\t<div class=\"elementor-element elementor-element-09c6a6a elementor-widget elementor-widget-text-editor\" data-id=\"09c6a6a\" data-element_type=\"widget\" data-e-type=\"widget\" data-widget_type=\"text-editor.default\">\n\t\t\t\t<div class=\"elementor-widget-container\">\n\t\t\t\t\t\t\t\t\t<p>Esta bolsa insere-se no \u00e2mbito das iniciativas que a <strong>INTBAU Espanha<\/strong> e a <strong>Funda\u00e7\u00e3o Culturas Construtivas Tradicionais<\/strong> est\u00e3o a desenvolver para promover a arquitetura tradicional e os of\u00edcios que a configuram, e foi organizada gra\u00e7as ao apoio do <strong>Instituto do Patrim\u00f3nio Cultural de Espanha<\/strong>.<\/p>\n\t\t\t\t\t\t\t\t<\/div>\n\t\t\t\t<\/div>\n\t\t\t\t\t<\/div>\n\t\t\t\t<\/div>\n\t\t<div class=\"elementor-element elementor-element-34a6f3b e-grid e-con-boxed e-con e-parent\" data-id=\"34a6f3b\" data-element_type=\"container\" data-e-type=\"container\">\n\t\t\t\t\t<div class=\"e-con-inner\">\n\t\t\t\t<div class=\"elementor-element elementor-element-bfbf092 elementor-widget elementor-widget-image\" data-id=\"bfbf092\" data-element_type=\"widget\" data-e-type=\"widget\" data-widget_type=\"image.default\">\n\t\t\t\t<div class=\"elementor-widget-container\">\n\t\t\t\t\t\t\t\t\t\t\t\t\t\t\t<img decoding=\"async\" width=\"300\" height=\"192\" src=\"https:\/\/culturasconstructivas.org\/wp-content\/uploads\/2024\/04\/INTBAU-Chapters-RGB-Spa-300x192.webp\" class=\"attachment-medium size-medium wp-image-3410\" alt=\"\" srcset=\"https:\/\/culturasconstructivas.org\/wp-content\/uploads\/2024\/04\/INTBAU-Chapters-RGB-Spa-300x192.webp 300w, https:\/\/culturasconstructivas.org\/wp-content\/uploads\/2024\/04\/INTBAU-Chapters-RGB-Spa-1024x657.webp 1024w, https:\/\/culturasconstructivas.org\/wp-content\/uploads\/2024\/04\/INTBAU-Chapters-RGB-Spa-768x493.webp 768w, https:\/\/culturasconstructivas.org\/wp-content\/uploads\/2024\/04\/INTBAU-Chapters-RGB-Spa.webp 1417w\" sizes=\"(max-width: 300px) 100vw, 300px\" \/>\t\t\t\t\t\t\t\t\t\t\t\t\t\t\t<\/div>\n\t\t\t\t<\/div>\n\t\t\t\t<div class=\"elementor-element elementor-element-be491f5 elementor-widget elementor-widget-image\" data-id=\"be491f5\" data-element_type=\"widget\" data-e-type=\"widget\" data-widget_type=\"image.default\">\n\t\t\t\t<div class=\"elementor-widget-container\">\n\t\t\t\t\t\t\t\t\t\t\t\t\t\t\t<img loading=\"lazy\" decoding=\"async\" width=\"300\" height=\"162\" src=\"https:\/\/culturasconstructivas.org\/wp-content\/uploads\/2024\/04\/FUNDACION-CULTURAS-CONSTRUCTIVAS-logo-300x162.webp\" class=\"attachment-medium size-medium wp-image-3422\" alt=\"\" srcset=\"https:\/\/culturasconstructivas.org\/wp-content\/uploads\/2024\/04\/FUNDACION-CULTURAS-CONSTRUCTIVAS-logo-300x162.webp 300w, https:\/\/culturasconstructivas.org\/wp-content\/uploads\/2024\/04\/FUNDACION-CULTURAS-CONSTRUCTIVAS-logo.webp 538w\" sizes=\"(max-width: 300px) 100vw, 300px\" \/>\t\t\t\t\t\t\t\t\t\t\t\t\t\t\t<\/div>\n\t\t\t\t<\/div>\n\t\t\t\t<div class=\"elementor-element elementor-element-24965c5 elementor-widget elementor-widget-image\" data-id=\"24965c5\" data-element_type=\"widget\" data-e-type=\"widget\" data-widget_type=\"image.default\">\n\t\t\t\t<div class=\"elementor-widget-container\">\n\t\t\t\t\t\t\t\t\t\t\t\t\t\t\t<img loading=\"lazy\" decoding=\"async\" width=\"257\" height=\"70\" src=\"https:\/\/culturasconstructivas.org\/wp-content\/uploads\/2024\/06\/Logotipo_del_Ministerio_de_Cultura.webp\" class=\"attachment-medium size-medium wp-image-9414\" alt=\"\" \/>\t\t\t\t\t\t\t\t\t\t\t\t\t\t\t<\/div>\n\t\t\t\t<\/div>\n\t\t\t\t\t<\/div>\n\t\t\t\t<\/div>\n\t\t<div class=\"elementor-element elementor-element-2bd04b4 e-flex e-con-boxed e-con e-parent\" data-id=\"2bd04b4\" data-element_type=\"container\" data-e-type=\"container\">\n\t\t\t\t\t<div class=\"e-con-inner\">\n\t\t\t\t\t<\/div>\n\t\t\t\t<\/div>\n\t\t<div class=\"elementor-element elementor-element-dda5545 e-flex e-con-boxed e-con e-parent\" data-id=\"dda5545\" data-element_type=\"container\" data-e-type=\"container\">\n\t\t\t\t\t<div class=\"e-con-inner\">\n\t\t\t\t<div class=\"elementor-element elementor-element-c5b60c3 elementor-widget elementor-widget-heading\" data-id=\"c5b60c3\" data-element_type=\"widget\" data-e-type=\"widget\" data-widget_type=\"heading.default\">\n\t\t\t\t<div class=\"elementor-widget-container\">\n\t\t\t\t\t<h2 class=\"elementor-heading-title elementor-size-default\">\n\n\u2013 O mestre \u2013<\/h2>\t\t\t\t<\/div>\n\t\t\t\t<\/div>\n\t\t\t\t\t<\/div>\n\t\t\t\t<\/div>\n\t\t<div class=\"elementor-element elementor-element-87e0c8b e-flex e-con-boxed e-con e-parent\" data-id=\"87e0c8b\" data-element_type=\"container\" data-e-type=\"container\">\n\t\t\t\t\t<div class=\"e-con-inner\">\n\t\t\t\t<div class=\"elementor-element elementor-element-aee773d elementor-widget elementor-widget-text-editor\" data-id=\"aee773d\" data-element_type=\"widget\" data-e-type=\"widget\" data-widget_type=\"text-editor.default\">\n\t\t\t\t<div class=\"elementor-widget-container\">\n\t\t\t\t\t\t\t\t\t<p>Luis Prieto tem a sua oficina no centro de Madrid e dedica-se \u00e0 produ\u00e7\u00e3o de estuques e revestimentos artesanais de gesso e cal, bem como de tintas decorativas, utilizando os seus pr\u00f3prios materiais, para os quais utiliza sempre pigmentos naturais.<\/p>\n<p>Luis Prieto iniciou-se na profiss\u00e3o atrav\u00e9s da sua fam\u00edlia e completou a sua forma\u00e7\u00e3o com estudos de pintura, desenho, estuque, colorimetria, fabrico e restauro de cores e tintas, etc. por toda a Europa e atrav\u00e9s de numerosas viagens a v\u00e1rios continentes.<\/p>\n<p>Em 2019, Luis foi galardoado com o Pr\u00e9mio Richard H. Driehaus para Artes de Constru\u00e7\u00e3o na categoria de acabamentos e outros trabalhos de constru\u00e7\u00e3o tradicionais.<\/p>\n\t\t\t\t\t\t\t\t<\/div>\n\t\t\t\t<\/div>\n\t\t\t\t\t<\/div>\n\t\t\t\t<\/div>\n\t\t<div class=\"elementor-element elementor-element-bf3633a e-flex e-con-boxed e-con e-parent\" data-id=\"bf3633a\" data-element_type=\"container\" data-e-type=\"container\">\n\t\t\t\t\t<div class=\"e-con-inner\">\n\t\t\t\t<div class=\"elementor-element elementor-element-f92bf05 elementor-widget elementor-widget-image\" data-id=\"f92bf05\" data-element_type=\"widget\" data-e-type=\"widget\" data-widget_type=\"image.default\">\n\t\t\t\t<div class=\"elementor-widget-container\">\n\t\t\t\t\t\t\t\t\t\t\t\t\t\t\t<img loading=\"lazy\" decoding=\"async\" width=\"724\" height=\"542\" src=\"https:\/\/culturasconstructivas.org\/wp-content\/uploads\/2024\/01\/BecaLuis6.jpg\" class=\"attachment-large size-large wp-image-2907\" alt=\"\" srcset=\"https:\/\/culturasconstructivas.org\/wp-content\/uploads\/2024\/01\/BecaLuis6.jpg 724w, https:\/\/culturasconstructivas.org\/wp-content\/uploads\/2024\/01\/BecaLuis6-300x225.jpg 300w\" sizes=\"(max-width: 724px) 100vw, 724px\" \/>\t\t\t\t\t\t\t\t\t\t\t\t\t\t\t<\/div>\n\t\t\t\t<\/div>\n\t\t\t\t\t<\/div>\n\t\t\t\t<\/div>\n\t\t<div class=\"elementor-element elementor-element-aec1d64 e-flex e-con-boxed e-con e-parent\" data-id=\"aec1d64\" data-element_type=\"container\" data-e-type=\"container\">\n\t\t\t\t\t<div class=\"e-con-inner\">\n\t\t\t\t<div class=\"elementor-element elementor-element-ec315ad elementor-widget elementor-widget-button\" data-id=\"ec315ad\" data-element_type=\"widget\" data-e-type=\"widget\" data-widget_type=\"button.default\">\n\t\t\t\t<div class=\"elementor-widget-container\">\n\t\t\t\t\t\t\t\t\t<div class=\"elementor-button-wrapper\">\n\t\t\t\t\t<a class=\"elementor-button elementor-button-link elementor-size-sm\" href=\"https:\/\/culturasconstructivas.org\/pt-pt\/iniciativas\/\">\n\t\t\t\t\t\t<span class=\"elementor-button-content-wrapper\">\n\t\t\t\t\t\t\t\t\t<span class=\"elementor-button-text\">Mais informa\u00e7\u00f5es sobre as iniciativas organizadas pela Funda\u00e7\u00e3o Culturas Construtivas Tradicionais<\/span>\n\t\t\t\t\t<\/span>\n\t\t\t\t\t<\/a>\n\t\t\t\t<\/div>\n\t\t\t\t\t\t\t\t<\/div>\n\t\t\t\t<\/div>\n\t\t\t\t\t<\/div>\n\t\t\t\t<\/div>\n\t\t\t\t<\/div>\n\t\t","protected":false},"excerpt":{"rendered":"<p>Silvia \u00c1lvarez L\u00f3pez-D\u00f3riga foi selecionada para estagiar durante oito meses com o mestre estucador e pintor Luis Prieto. A Silvia tem 18 anos de experi\u00eancia no dom\u00ednio do patrim\u00f3nio. Formou-se e trabalhou em institui\u00e7\u00f5es como o Instituto de Patrim\u00f3nio Cultural Nacional (IPCE), o Museo Nacional del Prado e o Museo Nacional Centro de Arte Reina [&hellip;]<\/p>\n","protected":false},"author":5,"featured_media":2913,"comment_status":"closed","ping_status":"closed","sticky":false,"template":"","format":"standard","meta":{"_acf_changed":false,"_piecal_is_event":false,"_piecal_start_date":"","_piecal_end_date":"","_piecal_is_allday":false,"footnotes":""},"categories":[44],"tags":[],"class_list":["post-3191","post","type-post","status-publish","format-standard","has-post-thumbnail","hentry","category-bolsas-donald-gray-para-artes-de-construcao"],"acf":[],"yoast_head":"<!-- This site is optimized with the Yoast SEO plugin v27.5 - https:\/\/yoast.com\/product\/yoast-seo-wordpress\/ -->\n<title>Resolu\u00e7\u00e3o da bolsa de forma\u00e7\u00e3o com o mestre estucador e pintor Luis Prieto - Fundaci\u00f3n Culturas Constructivas Tradicionales<\/title>\n<meta name=\"robots\" content=\"index, follow, max-snippet:-1, max-image-preview:large, max-video-preview:-1\" \/>\n<link rel=\"canonical\" href=\"https:\/\/culturasconstructivas.org\/pt-pt\/resolucao-da-bolsa-de-formacao-com-o-mestre-estucador-e-pintor-luis-prieto\/\" \/>\n<meta property=\"og:locale\" content=\"pt_PT\" \/>\n<meta property=\"og:type\" content=\"article\" \/>\n<meta property=\"og:title\" content=\"Resolu\u00e7\u00e3o da bolsa de forma\u00e7\u00e3o com o mestre estucador e pintor Luis Prieto - Fundaci\u00f3n Culturas Constructivas Tradicionales\" \/>\n<meta property=\"og:description\" content=\"Silvia \u00c1lvarez L\u00f3pez-D\u00f3riga foi selecionada para estagiar durante oito meses com o mestre estucador e pintor Luis Prieto. A Silvia tem 18 anos de experi\u00eancia no dom\u00ednio do patrim\u00f3nio. Formou-se e trabalhou em institui\u00e7\u00f5es como o Instituto de Patrim\u00f3nio Cultural Nacional (IPCE), o Museo Nacional del Prado e o Museo Nacional Centro de Arte Reina [&hellip;]\" \/>\n<meta property=\"og:url\" content=\"https:\/\/culturasconstructivas.org\/pt-pt\/resolucao-da-bolsa-de-formacao-com-o-mestre-estucador-e-pintor-luis-prieto\/\" \/>\n<meta property=\"og:site_name\" content=\"Fundaci\u00f3n Culturas Constructivas Tradicionales\" \/>\n<meta property=\"article:published_time\" content=\"2024-01-31T16:48:59+00:00\" \/>\n<meta property=\"article:modified_time\" content=\"2024-12-11T15:00:02+00:00\" \/>\n<meta property=\"og:image\" content=\"https:\/\/culturasconstructivas.org\/wp-content\/uploads\/2024\/01\/BecaLuis4.jpg\" \/>\n\t<meta property=\"og:image:width\" content=\"724\" \/>\n\t<meta property=\"og:image:height\" content=\"542\" \/>\n\t<meta property=\"og:image:type\" content=\"image\/jpeg\" \/>\n<meta name=\"author\" content=\"Guillermo Gil\" \/>\n<meta name=\"twitter:card\" content=\"summary_large_image\" \/>\n<meta name=\"twitter:label1\" content=\"Escrito por\" \/>\n\t<meta name=\"twitter:data1\" content=\"Guillermo Gil\" \/>\n\t<meta name=\"twitter:label2\" content=\"Tempo estimado de leitura\" \/>\n\t<meta name=\"twitter:data2\" content=\"1 minuto\" \/>\n<script type=\"application\/ld+json\" class=\"yoast-schema-graph\">{\"@context\":\"https:\\\/\\\/schema.org\",\"@graph\":[{\"@type\":\"Article\",\"@id\":\"https:\\\/\\\/culturasconstructivas.org\\\/pt-pt\\\/resolucao-da-bolsa-de-formacao-com-o-mestre-estucador-e-pintor-luis-prieto\\\/#article\",\"isPartOf\":{\"@id\":\"https:\\\/\\\/culturasconstructivas.org\\\/pt-pt\\\/resolucao-da-bolsa-de-formacao-com-o-mestre-estucador-e-pintor-luis-prieto\\\/\"},\"author\":{\"name\":\"Guillermo Gil\",\"@id\":\"https:\\\/\\\/culturasconstructivas.org\\\/pt-pt\\\/#\\\/schema\\\/person\\\/2cff5e4776f5f0b01b837faf3fdc4664\"},\"headline\":\"Resolu\u00e7\u00e3o da bolsa de forma\u00e7\u00e3o com o mestre estucador e pintor Luis Prieto\",\"datePublished\":\"2024-01-31T16:48:59+00:00\",\"dateModified\":\"2024-12-11T15:00:02+00:00\",\"mainEntityOfPage\":{\"@id\":\"https:\\\/\\\/culturasconstructivas.org\\\/pt-pt\\\/resolucao-da-bolsa-de-formacao-com-o-mestre-estucador-e-pintor-luis-prieto\\\/\"},\"wordCount\":300,\"publisher\":{\"@id\":\"https:\\\/\\\/culturasconstructivas.org\\\/pt-pt\\\/#organization\"},\"image\":{\"@id\":\"https:\\\/\\\/culturasconstructivas.org\\\/pt-pt\\\/resolucao-da-bolsa-de-formacao-com-o-mestre-estucador-e-pintor-luis-prieto\\\/#primaryimage\"},\"thumbnailUrl\":\"https:\\\/\\\/culturasconstructivas.org\\\/wp-content\\\/uploads\\\/2024\\\/01\\\/BecaLuis4.jpg\",\"articleSection\":[\"Bolsas Donald Gray para Artes de Constru\u00e7\u00e3o\"],\"inLanguage\":\"pt-PT\"},{\"@type\":\"WebPage\",\"@id\":\"https:\\\/\\\/culturasconstructivas.org\\\/pt-pt\\\/resolucao-da-bolsa-de-formacao-com-o-mestre-estucador-e-pintor-luis-prieto\\\/\",\"url\":\"https:\\\/\\\/culturasconstructivas.org\\\/pt-pt\\\/resolucao-da-bolsa-de-formacao-com-o-mestre-estucador-e-pintor-luis-prieto\\\/\",\"name\":\"Resolu\u00e7\u00e3o da bolsa de forma\u00e7\u00e3o com o mestre estucador e pintor Luis Prieto - Fundaci\u00f3n Culturas Constructivas Tradicionales\",\"isPartOf\":{\"@id\":\"https:\\\/\\\/culturasconstructivas.org\\\/pt-pt\\\/#website\"},\"primaryImageOfPage\":{\"@id\":\"https:\\\/\\\/culturasconstructivas.org\\\/pt-pt\\\/resolucao-da-bolsa-de-formacao-com-o-mestre-estucador-e-pintor-luis-prieto\\\/#primaryimage\"},\"image\":{\"@id\":\"https:\\\/\\\/culturasconstructivas.org\\\/pt-pt\\\/resolucao-da-bolsa-de-formacao-com-o-mestre-estucador-e-pintor-luis-prieto\\\/#primaryimage\"},\"thumbnailUrl\":\"https:\\\/\\\/culturasconstructivas.org\\\/wp-content\\\/uploads\\\/2024\\\/01\\\/BecaLuis4.jpg\",\"datePublished\":\"2024-01-31T16:48:59+00:00\",\"dateModified\":\"2024-12-11T15:00:02+00:00\",\"breadcrumb\":{\"@id\":\"https:\\\/\\\/culturasconstructivas.org\\\/pt-pt\\\/resolucao-da-bolsa-de-formacao-com-o-mestre-estucador-e-pintor-luis-prieto\\\/#breadcrumb\"},\"inLanguage\":\"pt-PT\",\"potentialAction\":[{\"@type\":\"ReadAction\",\"target\":[\"https:\\\/\\\/culturasconstructivas.org\\\/pt-pt\\\/resolucao-da-bolsa-de-formacao-com-o-mestre-estucador-e-pintor-luis-prieto\\\/\"]}]},{\"@type\":\"ImageObject\",\"inLanguage\":\"pt-PT\",\"@id\":\"https:\\\/\\\/culturasconstructivas.org\\\/pt-pt\\\/resolucao-da-bolsa-de-formacao-com-o-mestre-estucador-e-pintor-luis-prieto\\\/#primaryimage\",\"url\":\"https:\\\/\\\/culturasconstructivas.org\\\/wp-content\\\/uploads\\\/2024\\\/01\\\/BecaLuis4.jpg\",\"contentUrl\":\"https:\\\/\\\/culturasconstructivas.org\\\/wp-content\\\/uploads\\\/2024\\\/01\\\/BecaLuis4.jpg\",\"width\":724,\"height\":542},{\"@type\":\"BreadcrumbList\",\"@id\":\"https:\\\/\\\/culturasconstructivas.org\\\/pt-pt\\\/resolucao-da-bolsa-de-formacao-com-o-mestre-estucador-e-pintor-luis-prieto\\\/#breadcrumb\",\"itemListElement\":[{\"@type\":\"ListItem\",\"position\":1,\"name\":\"Portada\",\"item\":\"https:\\\/\\\/culturasconstructivas.org\\\/pt-pt\\\/fundacao-culturas-construtivas-tradicionais\\\/\"},{\"@type\":\"ListItem\",\"position\":2,\"name\":\"Resolu\u00e7\u00e3o da bolsa de forma\u00e7\u00e3o com o mestre estucador e pintor Luis Prieto\"}]},{\"@type\":\"WebSite\",\"@id\":\"https:\\\/\\\/culturasconstructivas.org\\\/pt-pt\\\/#website\",\"url\":\"https:\\\/\\\/culturasconstructivas.org\\\/pt-pt\\\/\",\"name\":\"Fundaci\u00f3n Culturas Constructivas Tradicionales\",\"description\":\"\",\"publisher\":{\"@id\":\"https:\\\/\\\/culturasconstructivas.org\\\/pt-pt\\\/#organization\"},\"potentialAction\":[{\"@type\":\"SearchAction\",\"target\":{\"@type\":\"EntryPoint\",\"urlTemplate\":\"https:\\\/\\\/culturasconstructivas.org\\\/pt-pt\\\/?s={search_term_string}\"},\"query-input\":{\"@type\":\"PropertyValueSpecification\",\"valueRequired\":true,\"valueName\":\"search_term_string\"}}],\"inLanguage\":\"pt-PT\"},{\"@type\":\"Organization\",\"@id\":\"https:\\\/\\\/culturasconstructivas.org\\\/pt-pt\\\/#organization\",\"name\":\"Fundaci\u00f3n Culturas Constructivas Tradicionales\",\"url\":\"https:\\\/\\\/culturasconstructivas.org\\\/pt-pt\\\/\",\"logo\":{\"@type\":\"ImageObject\",\"inLanguage\":\"pt-PT\",\"@id\":\"https:\\\/\\\/culturasconstructivas.org\\\/pt-pt\\\/#\\\/schema\\\/logo\\\/image\\\/\",\"url\":\"https:\\\/\\\/culturasconstructivas.org\\\/wp-content\\\/uploads\\\/2023\\\/10\\\/FUNDACAO-CULTURAS-CONSTRUTIVAS-Logo.png\",\"contentUrl\":\"https:\\\/\\\/culturasconstructivas.org\\\/wp-content\\\/uploads\\\/2023\\\/10\\\/FUNDACAO-CULTURAS-CONSTRUTIVAS-Logo.png\",\"width\":537,\"height\":290,\"caption\":\"Fundaci\u00f3n Culturas Constructivas Tradicionales\"},\"image\":{\"@id\":\"https:\\\/\\\/culturasconstructivas.org\\\/pt-pt\\\/#\\\/schema\\\/logo\\\/image\\\/\"}},{\"@type\":\"Person\",\"@id\":\"https:\\\/\\\/culturasconstructivas.org\\\/pt-pt\\\/#\\\/schema\\\/person\\\/2cff5e4776f5f0b01b837faf3fdc4664\",\"name\":\"Guillermo Gil\",\"image\":{\"@type\":\"ImageObject\",\"inLanguage\":\"pt-PT\",\"@id\":\"https:\\\/\\\/secure.gravatar.com\\\/avatar\\\/f6648e10de371ca3bbb6c2dfc0bd2f680bc092a6a74dfe978fb2fcc2bd9b3c27?s=96&d=mm&r=g\",\"url\":\"https:\\\/\\\/secure.gravatar.com\\\/avatar\\\/f6648e10de371ca3bbb6c2dfc0bd2f680bc092a6a74dfe978fb2fcc2bd9b3c27?s=96&d=mm&r=g\",\"contentUrl\":\"https:\\\/\\\/secure.gravatar.com\\\/avatar\\\/f6648e10de371ca3bbb6c2dfc0bd2f680bc092a6a74dfe978fb2fcc2bd9b3c27?s=96&d=mm&r=g\",\"caption\":\"Guillermo Gil\"},\"url\":\"https:\\\/\\\/culturasconstructivas.org\\\/pt-pt\\\/author\\\/guillermo-gil\\\/\"}]}<\/script>\n<!-- \/ Yoast SEO plugin. -->","yoast_head_json":{"title":"Resolu\u00e7\u00e3o da bolsa de forma\u00e7\u00e3o com o mestre estucador e pintor Luis Prieto - Fundaci\u00f3n Culturas Constructivas Tradicionales","robots":{"index":"index","follow":"follow","max-snippet":"max-snippet:-1","max-image-preview":"max-image-preview:large","max-video-preview":"max-video-preview:-1"},"canonical":"https:\/\/culturasconstructivas.org\/pt-pt\/resolucao-da-bolsa-de-formacao-com-o-mestre-estucador-e-pintor-luis-prieto\/","og_locale":"pt_PT","og_type":"article","og_title":"Resolu\u00e7\u00e3o da bolsa de forma\u00e7\u00e3o com o mestre estucador e pintor Luis Prieto - Fundaci\u00f3n Culturas Constructivas Tradicionales","og_description":"Silvia \u00c1lvarez L\u00f3pez-D\u00f3riga foi selecionada para estagiar durante oito meses com o mestre estucador e pintor Luis Prieto. A Silvia tem 18 anos de experi\u00eancia no dom\u00ednio do patrim\u00f3nio. Formou-se e trabalhou em institui\u00e7\u00f5es como o Instituto de Patrim\u00f3nio Cultural Nacional (IPCE), o Museo Nacional del Prado e o Museo Nacional Centro de Arte Reina [&hellip;]","og_url":"https:\/\/culturasconstructivas.org\/pt-pt\/resolucao-da-bolsa-de-formacao-com-o-mestre-estucador-e-pintor-luis-prieto\/","og_site_name":"Fundaci\u00f3n Culturas Constructivas Tradicionales","article_published_time":"2024-01-31T16:48:59+00:00","article_modified_time":"2024-12-11T15:00:02+00:00","og_image":[{"width":724,"height":542,"url":"https:\/\/culturasconstructivas.org\/wp-content\/uploads\/2024\/01\/BecaLuis4.jpg","type":"image\/jpeg"}],"author":"Guillermo Gil","twitter_card":"summary_large_image","twitter_misc":{"Escrito por":"Guillermo Gil","Tempo estimado de leitura":"1 minuto"},"schema":{"@context":"https:\/\/schema.org","@graph":[{"@type":"Article","@id":"https:\/\/culturasconstructivas.org\/pt-pt\/resolucao-da-bolsa-de-formacao-com-o-mestre-estucador-e-pintor-luis-prieto\/#article","isPartOf":{"@id":"https:\/\/culturasconstructivas.org\/pt-pt\/resolucao-da-bolsa-de-formacao-com-o-mestre-estucador-e-pintor-luis-prieto\/"},"author":{"name":"Guillermo Gil","@id":"https:\/\/culturasconstructivas.org\/pt-pt\/#\/schema\/person\/2cff5e4776f5f0b01b837faf3fdc4664"},"headline":"Resolu\u00e7\u00e3o da bolsa de forma\u00e7\u00e3o com o mestre estucador e pintor Luis Prieto","datePublished":"2024-01-31T16:48:59+00:00","dateModified":"2024-12-11T15:00:02+00:00","mainEntityOfPage":{"@id":"https:\/\/culturasconstructivas.org\/pt-pt\/resolucao-da-bolsa-de-formacao-com-o-mestre-estucador-e-pintor-luis-prieto\/"},"wordCount":300,"publisher":{"@id":"https:\/\/culturasconstructivas.org\/pt-pt\/#organization"},"image":{"@id":"https:\/\/culturasconstructivas.org\/pt-pt\/resolucao-da-bolsa-de-formacao-com-o-mestre-estucador-e-pintor-luis-prieto\/#primaryimage"},"thumbnailUrl":"https:\/\/culturasconstructivas.org\/wp-content\/uploads\/2024\/01\/BecaLuis4.jpg","articleSection":["Bolsas Donald Gray para Artes de Constru\u00e7\u00e3o"],"inLanguage":"pt-PT"},{"@type":"WebPage","@id":"https:\/\/culturasconstructivas.org\/pt-pt\/resolucao-da-bolsa-de-formacao-com-o-mestre-estucador-e-pintor-luis-prieto\/","url":"https:\/\/culturasconstructivas.org\/pt-pt\/resolucao-da-bolsa-de-formacao-com-o-mestre-estucador-e-pintor-luis-prieto\/","name":"Resolu\u00e7\u00e3o da bolsa de forma\u00e7\u00e3o com o mestre estucador e pintor Luis Prieto - Fundaci\u00f3n Culturas Constructivas Tradicionales","isPartOf":{"@id":"https:\/\/culturasconstructivas.org\/pt-pt\/#website"},"primaryImageOfPage":{"@id":"https:\/\/culturasconstructivas.org\/pt-pt\/resolucao-da-bolsa-de-formacao-com-o-mestre-estucador-e-pintor-luis-prieto\/#primaryimage"},"image":{"@id":"https:\/\/culturasconstructivas.org\/pt-pt\/resolucao-da-bolsa-de-formacao-com-o-mestre-estucador-e-pintor-luis-prieto\/#primaryimage"},"thumbnailUrl":"https:\/\/culturasconstructivas.org\/wp-content\/uploads\/2024\/01\/BecaLuis4.jpg","datePublished":"2024-01-31T16:48:59+00:00","dateModified":"2024-12-11T15:00:02+00:00","breadcrumb":{"@id":"https:\/\/culturasconstructivas.org\/pt-pt\/resolucao-da-bolsa-de-formacao-com-o-mestre-estucador-e-pintor-luis-prieto\/#breadcrumb"},"inLanguage":"pt-PT","potentialAction":[{"@type":"ReadAction","target":["https:\/\/culturasconstructivas.org\/pt-pt\/resolucao-da-bolsa-de-formacao-com-o-mestre-estucador-e-pintor-luis-prieto\/"]}]},{"@type":"ImageObject","inLanguage":"pt-PT","@id":"https:\/\/culturasconstructivas.org\/pt-pt\/resolucao-da-bolsa-de-formacao-com-o-mestre-estucador-e-pintor-luis-prieto\/#primaryimage","url":"https:\/\/culturasconstructivas.org\/wp-content\/uploads\/2024\/01\/BecaLuis4.jpg","contentUrl":"https:\/\/culturasconstructivas.org\/wp-content\/uploads\/2024\/01\/BecaLuis4.jpg","width":724,"height":542},{"@type":"BreadcrumbList","@id":"https:\/\/culturasconstructivas.org\/pt-pt\/resolucao-da-bolsa-de-formacao-com-o-mestre-estucador-e-pintor-luis-prieto\/#breadcrumb","itemListElement":[{"@type":"ListItem","position":1,"name":"Portada","item":"https:\/\/culturasconstructivas.org\/pt-pt\/fundacao-culturas-construtivas-tradicionais\/"},{"@type":"ListItem","position":2,"name":"Resolu\u00e7\u00e3o da bolsa de forma\u00e7\u00e3o com o mestre estucador e pintor Luis Prieto"}]},{"@type":"WebSite","@id":"https:\/\/culturasconstructivas.org\/pt-pt\/#website","url":"https:\/\/culturasconstructivas.org\/pt-pt\/","name":"Fundaci\u00f3n Culturas Constructivas Tradicionales","description":"","publisher":{"@id":"https:\/\/culturasconstructivas.org\/pt-pt\/#organization"},"potentialAction":[{"@type":"SearchAction","target":{"@type":"EntryPoint","urlTemplate":"https:\/\/culturasconstructivas.org\/pt-pt\/?s={search_term_string}"},"query-input":{"@type":"PropertyValueSpecification","valueRequired":true,"valueName":"search_term_string"}}],"inLanguage":"pt-PT"},{"@type":"Organization","@id":"https:\/\/culturasconstructivas.org\/pt-pt\/#organization","name":"Fundaci\u00f3n Culturas Constructivas Tradicionales","url":"https:\/\/culturasconstructivas.org\/pt-pt\/","logo":{"@type":"ImageObject","inLanguage":"pt-PT","@id":"https:\/\/culturasconstructivas.org\/pt-pt\/#\/schema\/logo\/image\/","url":"https:\/\/culturasconstructivas.org\/wp-content\/uploads\/2023\/10\/FUNDACAO-CULTURAS-CONSTRUTIVAS-Logo.png","contentUrl":"https:\/\/culturasconstructivas.org\/wp-content\/uploads\/2023\/10\/FUNDACAO-CULTURAS-CONSTRUTIVAS-Logo.png","width":537,"height":290,"caption":"Fundaci\u00f3n Culturas Constructivas Tradicionales"},"image":{"@id":"https:\/\/culturasconstructivas.org\/pt-pt\/#\/schema\/logo\/image\/"}},{"@type":"Person","@id":"https:\/\/culturasconstructivas.org\/pt-pt\/#\/schema\/person\/2cff5e4776f5f0b01b837faf3fdc4664","name":"Guillermo Gil","image":{"@type":"ImageObject","inLanguage":"pt-PT","@id":"https:\/\/secure.gravatar.com\/avatar\/f6648e10de371ca3bbb6c2dfc0bd2f680bc092a6a74dfe978fb2fcc2bd9b3c27?s=96&d=mm&r=g","url":"https:\/\/secure.gravatar.com\/avatar\/f6648e10de371ca3bbb6c2dfc0bd2f680bc092a6a74dfe978fb2fcc2bd9b3c27?s=96&d=mm&r=g","contentUrl":"https:\/\/secure.gravatar.com\/avatar\/f6648e10de371ca3bbb6c2dfc0bd2f680bc092a6a74dfe978fb2fcc2bd9b3c27?s=96&d=mm&r=g","caption":"Guillermo Gil"},"url":"https:\/\/culturasconstructivas.org\/pt-pt\/author\/guillermo-gil\/"}]}},"_links":{"self":[{"href":"https:\/\/culturasconstructivas.org\/pt-pt\/wp-json\/wp\/v2\/posts\/3191","targetHints":{"allow":["GET"]}}],"collection":[{"href":"https:\/\/culturasconstructivas.org\/pt-pt\/wp-json\/wp\/v2\/posts"}],"about":[{"href":"https:\/\/culturasconstructivas.org\/pt-pt\/wp-json\/wp\/v2\/types\/post"}],"author":[{"embeddable":true,"href":"https:\/\/culturasconstructivas.org\/pt-pt\/wp-json\/wp\/v2\/users\/5"}],"replies":[{"embeddable":true,"href":"https:\/\/culturasconstructivas.org\/pt-pt\/wp-json\/wp\/v2\/comments?post=3191"}],"version-history":[{"count":2,"href":"https:\/\/culturasconstructivas.org\/pt-pt\/wp-json\/wp\/v2\/posts\/3191\/revisions"}],"predecessor-version":[{"id":7695,"href":"https:\/\/culturasconstructivas.org\/pt-pt\/wp-json\/wp\/v2\/posts\/3191\/revisions\/7695"}],"wp:featuredmedia":[{"embeddable":true,"href":"https:\/\/culturasconstructivas.org\/pt-pt\/wp-json\/wp\/v2\/media\/2913"}],"wp:attachment":[{"href":"https:\/\/culturasconstructivas.org\/pt-pt\/wp-json\/wp\/v2\/media?parent=3191"}],"wp:term":[{"taxonomy":"category","embeddable":true,"href":"https:\/\/culturasconstructivas.org\/pt-pt\/wp-json\/wp\/v2\/categories?post=3191"},{"taxonomy":"post_tag","embeddable":true,"href":"https:\/\/culturasconstructivas.org\/pt-pt\/wp-json\/wp\/v2\/tags?post=3191"}],"curies":[{"name":"wp","href":"https:\/\/api.w.org\/{rel}","templated":true}]}}